{"id":9704,"date":"2020-03-27T15:55:00","date_gmt":"2020-03-27T15:55:00","guid":{"rendered":"https:\/\/i-say.dk\/netvaerk-corona-og-jobmotivation\/"},"modified":"2020-03-27T15:55:00","modified_gmt":"2020-03-27T15:55:00","slug":"netvaerk-corona-og-jobmotivation","status":"publish","type":"post","link":"https:\/\/i-say.dk\/en\/netvaerk-corona-og-jobmotivation\/","title":{"rendered":"Netv\u00e6rk, Corona og jobmotivation"},"content":{"rendered":"<p>Jeg skal ellers lige love for, at alting kan \u00e6ndre sig fra den ene dag til den anden. Intet arbejde, meget arbejde. Ingen motivation, h\u00f8j motivation. Corona. Lande, der lukkes ned.<\/p>\n\n\n\n<p>For et halvt \u00e5r siden var det mig, der var ved at lukke min overs\u00e6tterbiks ned. Opgavet\u00f8rke over en alt for lang periode. Den is i maven, der skal til for at v\u00e6re selvst\u00e6ndig, smeltede langsomt og st\u00f8t. Men jeg elsker mit arbejde \u2013 at overs\u00e6tte, n\u00f8rde med sprog, drive forretning, v\u00e6re min egen chef. S\u00e5 jeg fulgte et r\u00e5d om at r\u00e6kke ud til mit netv\u00e6rk. Det synes jeg egentlig overhovedet ikke var fedt. At bede andre om hj\u00e6lp. Men jeg gjorde det, fordi jeg havde alt at vinde og meget at tabe.<\/p>\n\n\n\n<p>Netv\u00e6rk kan noget. I mit netv\u00e6rk er der fx mange gode r\u00e5d at hente. Og det var netop \u00e9t af disse r\u00e5d, der gjorde, at jeg kunne begynde at vende skuden. Oml\u00e6gge min strategi. Bl.a. at drosle ned p\u00e5 bureaukunder og f\u00e5 flere direkte kunder.<\/p>\n\n\n\n<p>Konkret betyder det, at jeg har f\u00e5et flere kunder og opgaver. Og at jeg ikke skal dele betalingen for mit arbejde med et (for mig) un\u00f8dvendigt led. Det er mere tidskr\u00e6vende for mig, men meget mere meningsfuldt, v\u00e6rdifuldt og motiverende.<\/p>\n\n\n\n<p>Hvorfor?<\/p>\n\n\n\n<p>Fordi jeg selv har den direkte kontakt med den person eller virksomhed, jeg skal overs\u00e6tte for. Det betyder, at jeg har hurtig, effektiv adgang til de vigtige oplysninger, materialer og andet, som er afg\u00f8rende for en god proces og kvalitet. S\u00e5 de tekster, jeg leverer, bliver skrevet med kundens terminologi og <abbr class='c2c-text-hover' title='A company\u2019s tone of voice is its voice and personality. It is through tone of voice that the company can make an impression on the target audience and cause its brand to stand out.'>tone of voice<\/abbr>, har et godt flow og ikke bliver for mekaniske (ord for ord- og s\u00e6tning for s\u00e6tning-overs\u00e6ttelser).<\/p>\n\n\n\n<p>I disse Corona-dage har jeg mere travlt end nogensinde. Mange virksomheder skal have oversat deres vigtige Corona-budskaber mellem dansk, engelsk og nordiske sprog. Ligesom vi oplevede det med milj\u00f8, b\u00e6redygtighed og GDPR. Og s\u00e5dan kan en overs\u00e6tter p\u00e5 ganske kort tid udvikle nye kompetencer og blive ekspert i nye emner.<\/p>\n\n\n\n<p>Selvom der til tider skal arbejdes h\u00e5rdt for at hente opgaver hjem, bliver jeg sj\u00e6ldent tr\u00e6t af mit arbejde som overs\u00e6tter. Jeg l\u00e6rer noget nyt hver dag. Og synes, det er sp\u00e6ndende og sejt, at jeg driver min helt egen forretning med alt, hvad det indeb\u00e6rer. Det er mere v\u00e6rdifuldt for mig end at have fast l\u00f8n og faste rammer.<\/p>\n\n\n\n<p>Tak til mit netv\u00e6rk for r\u00e5d, til mine kunder for at motivere mig og til andre, der l\u00e6ser med.<\/p>\n\n\n\n<p>Pas p\u00e5 jer selv og hinanden!<\/p>","protected":false},"excerpt":{"rendered":"<p>Jeg skal ellers lige love for, at alting kan \u00e6ndre sig fra den ene dag til den anden. Intet arbejde, meget arbejde. Ingen motivation, h\u00f8j motivation. Corona. Lande, der lukkes ned. For et halvt \u00e5r siden var det mig, der var ved at lukke min&#8230;<\/p>","protected":false},"author":5,"featured_media":9567,"comment_status":"open","ping_status":"open","sticky":false,"template":"","format":"standard","meta":[],"categories":[116],"tags":[],"yoast_head":"<!-- This site is optimized with the Yoast SEO plugin v18.3 - https:\/\/yoast.com\/wordpress\/plugins\/seo\/ -->\n<title>Netv\u00e6rk, Corona og jobmotivation &ndash; iSay<\/title>\n<meta name=\"robots\" content=\"index, follow, max-snippet:-1, max-image-preview:large, max-video-preview:-1\" \/>\n<link rel=\"canonical\" href=\"https:\/\/i-say.dk\/en\/netvaerk-corona-og-jobmotivation\/\" \/>\n<meta property=\"og:locale\" content=\"en_US\" \/>\n<meta property=\"og:type\" content=\"article\" \/>\n<meta property=\"og:title\" content=\"Netv\u00e6rk, Corona og jobmotivation &ndash; iSay\" \/>\n<meta property=\"og:description\" content=\"Jeg skal ellers lige love for, at alting kan \u00e6ndre sig fra den ene dag til den anden. Intet arbejde, meget arbejde. Ingen motivation, h\u00f8j motivation. Corona. Lande, der lukkes ned. For et halvt \u00e5r siden var det mig, der var ved at lukke min...\" \/>\n<meta property=\"og:url\" content=\"https:\/\/i-say.dk\/en\/netvaerk-corona-og-jobmotivation\/\" \/>\n<meta property=\"og:site_name\" content=\"iSay\" \/>\n<meta property=\"article:publisher\" content=\"https:\/\/www.facebook.com\/isaylanguage\/\" \/>\n<meta property=\"article:published_time\" content=\"2020-03-27T15:55:00+00:00\" \/>\n<meta property=\"og:image\" content=\"https:\/\/i-say.dk\/wp-content\/uploads\/2018\/08\/blog-isay-visual-08.jpg\" \/>\n\t<meta property=\"og:image:width\" content=\"1200\" \/>\n\t<meta property=\"og:image:height\" content=\"1200\" \/>\n\t<meta property=\"og:image:type\" content=\"image\/jpeg\" \/>\n<meta name=\"twitter:card\" content=\"summary_large_image\" \/>\n<meta name=\"twitter:label1\" content=\"Written by\" \/>\n\t<meta name=\"twitter:data1\" content=\"Barbara \u00d8stergaard\" \/>\n\t<meta name=\"twitter:label2\" content=\"Est. reading time\" \/>\n\t<meta name=\"twitter:data2\" content=\"2 minutes\" \/>\n<script type=\"application\/ld+json\" class=\"yoast-schema-graph\">{\"@context\":\"https:\/\/schema.org\",\"@graph\":[{\"@type\":\"Organization\",\"@id\":\"https:\/\/i-say.dk\/#organization\",\"name\":\"iSay\",\"url\":\"https:\/\/i-say.dk\/\",\"sameAs\":[\"https:\/\/www.facebook.com\/isaylanguage\/\",\"https:\/\/www.instagram.com\/isay_languageservices\/\"],\"logo\":{\"@type\":\"ImageObject\",\"@id\":\"https:\/\/i-say.dk\/#logo\",\"inLanguage\":\"en-US\",\"url\":\"https:\/\/i-say.dk\/wp-content\/uploads\/2020\/05\/isay-main-logo-black-1.svg\",\"contentUrl\":\"https:\/\/i-say.dk\/wp-content\/uploads\/2020\/05\/isay-main-logo-black-1.svg\",\"width\":841,\"height\":595,\"caption\":\"iSay\"},\"image\":{\"@id\":\"https:\/\/i-say.dk\/#logo\"}},{\"@type\":\"WebSite\",\"@id\":\"https:\/\/i-say.dk\/#website\",\"url\":\"https:\/\/i-say.dk\/\",\"name\":\"iSay\",\"description\":\"Specialister i sprog og overs\u00e6ttelse\",\"publisher\":{\"@id\":\"https:\/\/i-say.dk\/#organization\"},\"potentialAction\":[{\"@type\":\"SearchAction\",\"target\":{\"@type\":\"EntryPoint\",\"urlTemplate\":\"https:\/\/i-say.dk\/?s={search_term_string}\"},\"query-input\":\"required name=search_term_string\"}],\"inLanguage\":\"en-US\"},{\"@type\":\"ImageObject\",\"@id\":\"https:\/\/i-say.dk\/en\/netvaerk-corona-og-jobmotivation\/#primaryimage\",\"inLanguage\":\"en-US\",\"url\":\"https:\/\/i-say.dk\/wp-content\/uploads\/2018\/08\/blog-isay-visual-08.jpg\",\"contentUrl\":\"https:\/\/i-say.dk\/wp-content\/uploads\/2018\/08\/blog-isay-visual-08.jpg\",\"width\":1200,\"height\":1200},{\"@type\":\"WebPage\",\"@id\":\"https:\/\/i-say.dk\/en\/netvaerk-corona-og-jobmotivation\/#webpage\",\"url\":\"https:\/\/i-say.dk\/en\/netvaerk-corona-og-jobmotivation\/\",\"name\":\"Netv\u00e6rk, Corona og jobmotivation &ndash; iSay\",\"isPartOf\":{\"@id\":\"https:\/\/i-say.dk\/#website\"},\"primaryImageOfPage\":{\"@id\":\"https:\/\/i-say.dk\/en\/netvaerk-corona-og-jobmotivation\/#primaryimage\"},\"datePublished\":\"2020-03-27T15:55:00+00:00\",\"dateModified\":\"2020-03-27T15:55:00+00:00\",\"breadcrumb\":{\"@id\":\"https:\/\/i-say.dk\/en\/netvaerk-corona-og-jobmotivation\/#breadcrumb\"},\"inLanguage\":\"en-US\",\"potentialAction\":[{\"@type\":\"ReadAction\",\"target\":[\"https:\/\/i-say.dk\/en\/netvaerk-corona-og-jobmotivation\/\"]}]},{\"@type\":\"BreadcrumbList\",\"@id\":\"https:\/\/i-say.dk\/en\/netvaerk-corona-og-jobmotivation\/#breadcrumb\",\"itemListElement\":[{\"@type\":\"ListItem\",\"position\":1,\"name\":\"Home\",\"item\":\"https:\/\/i-say.dk\/en\/\"},{\"@type\":\"ListItem\",\"position\":2,\"name\":\"Netv\u00e6rk, Corona og jobmotivation\"}]},{\"@type\":\"Article\",\"@id\":\"https:\/\/i-say.dk\/en\/netvaerk-corona-og-jobmotivation\/#article\",\"isPartOf\":{\"@id\":\"https:\/\/i-say.dk\/en\/netvaerk-corona-og-jobmotivation\/#webpage\"},\"author\":{\"@id\":\"https:\/\/i-say.dk\/#\/schema\/person\/75afe911d96622aa6797c4a6eb2b17ba\"},\"headline\":\"Netv\u00e6rk, Corona og jobmotivation\",\"datePublished\":\"2020-03-27T15:55:00+00:00\",\"dateModified\":\"2020-03-27T15:55:00+00:00\",\"mainEntityOfPage\":{\"@id\":\"https:\/\/i-say.dk\/en\/netvaerk-corona-og-jobmotivation\/#webpage\"},\"wordCount\":463,\"commentCount\":0,\"publisher\":{\"@id\":\"https:\/\/i-say.dk\/#organization\"},\"image\":{\"@id\":\"https:\/\/i-say.dk\/en\/netvaerk-corona-og-jobmotivation\/#primaryimage\"},\"thumbnailUrl\":\"https:\/\/i-say.dk\/wp-content\/uploads\/2018\/08\/blog-isay-visual-08.jpg\",\"articleSection\":[\"Overs\u00e6ttelse\"],\"inLanguage\":\"en-US\",\"potentialAction\":[{\"@type\":\"CommentAction\",\"name\":\"Comment\",\"target\":[\"https:\/\/i-say.dk\/en\/netvaerk-corona-og-jobmotivation\/#respond\"]}]},{\"@type\":\"Person\",\"@id\":\"https:\/\/i-say.dk\/#\/schema\/person\/75afe911d96622aa6797c4a6eb2b17ba\",\"name\":\"Barbara \u00d8stergaard\",\"image\":{\"@type\":\"ImageObject\",\"@id\":\"https:\/\/i-say.dk\/#personlogo\",\"inLanguage\":\"en-US\",\"url\":\"https:\/\/secure.gravatar.com\/avatar\/0f72cac08d2675822f6e8da9e27d7c90?s=96&d=mm&r=g\",\"contentUrl\":\"https:\/\/secure.gravatar.com\/avatar\/0f72cac08d2675822f6e8da9e27d7c90?s=96&d=mm&r=g\",\"caption\":\"Barbara \u00d8stergaard\"},\"url\":\"https:\/\/i-say.dk\/en\/author\/barbaraoestergaard\/\"}]}<\/script>\n<!-- \/ Yoast SEO plugin. -->","yoast_head_json":{"title":"Netv\u00e6rk, Corona og jobmotivation &ndash; iSay","robots":{"index":"index","follow":"follow","max-snippet":"max-snippet:-1","max-image-preview":"max-image-preview:large","max-video-preview":"max-video-preview:-1"},"canonical":"https:\/\/i-say.dk\/en\/netvaerk-corona-og-jobmotivation\/","og_locale":"en_US","og_type":"article","og_title":"Netv\u00e6rk, Corona og jobmotivation &ndash; iSay","og_description":"Jeg skal ellers lige love for, at alting kan \u00e6ndre sig fra den ene dag til den anden. Intet arbejde, meget arbejde. Ingen motivation, h\u00f8j motivation. Corona. Lande, der lukkes ned. For et halvt \u00e5r siden var det mig, der var ved at lukke min...","og_url":"https:\/\/i-say.dk\/en\/netvaerk-corona-og-jobmotivation\/","og_site_name":"iSay","article_publisher":"https:\/\/www.facebook.com\/isaylanguage\/","article_published_time":"2020-03-27T15:55:00+00:00","og_image":[{"width":1200,"height":1200,"url":"https:\/\/i-say.dk\/wp-content\/uploads\/2018\/08\/blog-isay-visual-08.jpg","type":"image\/jpeg"}],"twitter_card":"summary_large_image","twitter_misc":{"Written by":"Barbara \u00d8stergaard","Est. reading time":"2 minutes"},"schema":{"@context":"https:\/\/schema.org","@graph":[{"@type":"Organization","@id":"https:\/\/i-say.dk\/#organization","name":"iSay","url":"https:\/\/i-say.dk\/","sameAs":["https:\/\/www.facebook.com\/isaylanguage\/","https:\/\/www.instagram.com\/isay_languageservices\/"],"logo":{"@type":"ImageObject","@id":"https:\/\/i-say.dk\/#logo","inLanguage":"en-US","url":"https:\/\/i-say.dk\/wp-content\/uploads\/2020\/05\/isay-main-logo-black-1.svg","contentUrl":"https:\/\/i-say.dk\/wp-content\/uploads\/2020\/05\/isay-main-logo-black-1.svg","width":841,"height":595,"caption":"iSay"},"image":{"@id":"https:\/\/i-say.dk\/#logo"}},{"@type":"WebSite","@id":"https:\/\/i-say.dk\/#website","url":"https:\/\/i-say.dk\/","name":"iSay","description":"Specialister i sprog og overs\u00e6ttelse","publisher":{"@id":"https:\/\/i-say.dk\/#organization"},"potentialAction":[{"@type":"SearchAction","target":{"@type":"EntryPoint","urlTemplate":"https:\/\/i-say.dk\/?s={search_term_string}"},"query-input":"required name=search_term_string"}],"inLanguage":"en-US"},{"@type":"ImageObject","@id":"https:\/\/i-say.dk\/en\/netvaerk-corona-og-jobmotivation\/#primaryimage","inLanguage":"en-US","url":"https:\/\/i-say.dk\/wp-content\/uploads\/2018\/08\/blog-isay-visual-08.jpg","contentUrl":"https:\/\/i-say.dk\/wp-content\/uploads\/2018\/08\/blog-isay-visual-08.jpg","width":1200,"height":1200},{"@type":"WebPage","@id":"https:\/\/i-say.dk\/en\/netvaerk-corona-og-jobmotivation\/#webpage","url":"https:\/\/i-say.dk\/en\/netvaerk-corona-og-jobmotivation\/","name":"Netv\u00e6rk, Corona og jobmotivation &ndash; iSay","isPartOf":{"@id":"https:\/\/i-say.dk\/#website"},"primaryImageOfPage":{"@id":"https:\/\/i-say.dk\/en\/netvaerk-corona-og-jobmotivation\/#primaryimage"},"datePublished":"2020-03-27T15:55:00+00:00","dateModified":"2020-03-27T15:55:00+00:00","breadcrumb":{"@id":"https:\/\/i-say.dk\/en\/netvaerk-corona-og-jobmotivation\/#breadcrumb"},"inLanguage":"en-US","potentialAction":[{"@type":"ReadAction","target":["https:\/\/i-say.dk\/en\/netvaerk-corona-og-jobmotivation\/"]}]},{"@type":"BreadcrumbList","@id":"https:\/\/i-say.dk\/en\/netvaerk-corona-og-jobmotivation\/#breadcrumb","itemListElement":[{"@type":"ListItem","position":1,"name":"Home","item":"https:\/\/i-say.dk\/en\/"},{"@type":"ListItem","position":2,"name":"Netv\u00e6rk, Corona og jobmotivation"}]},{"@type":"Article","@id":"https:\/\/i-say.dk\/en\/netvaerk-corona-og-jobmotivation\/#article","isPartOf":{"@id":"https:\/\/i-say.dk\/en\/netvaerk-corona-og-jobmotivation\/#webpage"},"author":{"@id":"https:\/\/i-say.dk\/#\/schema\/person\/75afe911d96622aa6797c4a6eb2b17ba"},"headline":"Netv\u00e6rk, Corona og jobmotivation","datePublished":"2020-03-27T15:55:00+00:00","dateModified":"2020-03-27T15:55:00+00:00","mainEntityOfPage":{"@id":"https:\/\/i-say.dk\/en\/netvaerk-corona-og-jobmotivation\/#webpage"},"wordCount":463,"commentCount":0,"publisher":{"@id":"https:\/\/i-say.dk\/#organization"},"image":{"@id":"https:\/\/i-say.dk\/en\/netvaerk-corona-og-jobmotivation\/#primaryimage"},"thumbnailUrl":"https:\/\/i-say.dk\/wp-content\/uploads\/2018\/08\/blog-isay-visual-08.jpg","articleSection":["Overs\u00e6ttelse"],"inLanguage":"en-US","potentialAction":[{"@type":"CommentAction","name":"Comment","target":["https:\/\/i-say.dk\/en\/netvaerk-corona-og-jobmotivation\/#respond"]}]},{"@type":"Person","@id":"https:\/\/i-say.dk\/#\/schema\/person\/75afe911d96622aa6797c4a6eb2b17ba","name":"Barbara \u00d8stergaard","image":{"@type":"ImageObject","@id":"https:\/\/i-say.dk\/#personlogo","inLanguage":"en-US","url":"https:\/\/secure.gravatar.com\/avatar\/0f72cac08d2675822f6e8da9e27d7c90?s=96&d=mm&r=g","contentUrl":"https:\/\/secure.gravatar.com\/avatar\/0f72cac08d2675822f6e8da9e27d7c90?s=96&d=mm&r=g","caption":"Barbara \u00d8stergaard"},"url":"https:\/\/i-say.dk\/en\/author\/barbaraoestergaard\/"}]}},"_links":{"self":[{"href":"https:\/\/i-say.dk\/en\/wp-json\/wp\/v2\/posts\/9704"}],"collection":[{"href":"https:\/\/i-say.dk\/en\/wp-json\/wp\/v2\/posts"}],"about":[{"href":"https:\/\/i-say.dk\/en\/wp-json\/wp\/v2\/types\/post"}],"author":[{"embeddable":true,"href":"https:\/\/i-say.dk\/en\/wp-json\/wp\/v2\/users\/5"}],"replies":[{"embeddable":true,"href":"https:\/\/i-say.dk\/en\/wp-json\/wp\/v2\/comments?post=9704"}],"version-history":[{"count":0,"href":"https:\/\/i-say.dk\/en\/wp-json\/wp\/v2\/posts\/9704\/revisions"}],"wp:featuredmedia":[{"embeddable":true,"href":"https:\/\/i-say.dk\/en\/wp-json\/wp\/v2\/media\/9567"}],"wp:attachment":[{"href":"https:\/\/i-say.dk\/en\/wp-json\/wp\/v2\/media?parent=9704"}],"wp:term":[{"taxonomy":"category","embeddable":true,"href":"https:\/\/i-say.dk\/en\/wp-json\/wp\/v2\/categories?post=9704"},{"taxonomy":"post_tag","embeddable":true,"href":"https:\/\/i-say.dk\/en\/wp-json\/wp\/v2\/tags?post=9704"}],"curies":[{"name":"wp","href":"https:\/\/api.w.org\/{rel}","templated":true}]}}